{"id":10692,"date":"2021-02-14T22:38:17","date_gmt":"2021-02-14T21:38:17","guid":{"rendered":"https:\/\/lgspeiteng.lu\/?p=10692"},"modified":"2021-02-15T15:49:57","modified_gmt":"2021-02-15T14:49:57","slug":"infoziedel-fir-dbuergbrennen-2021","status":"publish","type":"post","link":"https:\/\/lgspeiteng.lu\/fr_FR\/10692","title":{"rendered":"Infoziedel fir d&rsquo;Buergbrennen 2021"},"content":{"rendered":"\n<h2>Fir Iech alleguer (Biber, W\u00ebllef, Avex)<\/h2>\n\n\n\n<h2>Invitatioun fir d&rsquo;Buergbrennen den 20 Februar <\/h2>\n\n\n\n<p>Mir invit\u00e9ieren all eis <strong>Memberen an hir Elteren<\/strong> op eist traditionellt Buergbrennen ze kommen.<\/p>\n\n\n\n<p>Mir brennen d\u2019Buerg, e Samschdeg den <strong>20 Februar<\/strong>. De <strong>Fakelzuch<\/strong> geet <strong>um 18:30 Auer<\/strong> \u00ebnne beim Wee fort, an d\u2019Buerg g\u00ebtt g\u00e9int <strong>19\u00b0\u00b0<\/strong> ugefaangen.<\/p>\n\n\n\n<p>W\u00e9i erwaart&nbsp;w\u00e4ert eist Buergbrennen d\u00ebst&nbsp;Joer aneschtes sinn:<\/p>\n\n\n\n<ul><li>D\u2019Buergbrennen dauert <strong>just bis<\/strong> <strong>21 Auer<\/strong> fir dat jidderee\u00a0virun der Ausgangssp\u00e4r er\u00ebm\u00a0doheem ass<\/li><li>Ditt w.e.g alleguer <strong>Masken<\/strong> un an haalt iech un d\u2018<strong>Ofstand-Regel vun 2m<\/strong>, och fir de\u00a0Fakelzuch<\/li><li>Leider kenne\u00a0mir <strong>keen Iessen a\u00a0Gedr\u00e9nks<\/strong>\u00a0ubidden. Mir bieden Iech och n\u00e4ischt matzebr\u00e9ngen.<\/li><li>D\u2018Kanner solle\u00a0bei hiren Eltere bleiwe\u00a0fir eng Verm\u00ebschung ze vermeiden<\/li><li>Mir stelle S\u00ebtzplaze\u00a0ronder\u00ebm\u00a0d\u2019Buerg op, fir di 2m Ofstand anzehalen. Wann dir awer ee\u00a0m\u00e9i bequeme\u00a0Campingstull hutt kennt dir dee\u00a0matbr\u00e9ngen.<\/li><\/ul>\n\n\n\n<p>Mir soen Iech Merci fir \u00e4ert Versteesdemech an \u00e4r&nbsp;Math\u00ebllef, ouni d\u00e9i di Aktivit\u00e9it net&nbsp;m\u00e9iglech ass. Leider bl\u00e9ift nach \u00ebmmer d\u00e9i traureg M\u00e9iglechkeet dat&nbsp;mir d\u2019Buergbrenne&nbsp;kuerzfristeg mussen ofsoen.<\/p>\n\n\n\n<h2>Fir d\u2019CaraPio, RaRo, Albatrossen, Chef, Guilde an Mataarbechter&nbsp;<\/h2>\n\n\n\n<p>De <strong>Samschdes den 20.02<\/strong> riichte&nbsp;mir d\u2019<strong>Buerg<\/strong> op. Mir treffen eis um <strong>9\u00b0\u00b0 Auer<\/strong> um Bierg. <strong>Mellt Iech w.e.g. bis de Freide&nbsp;beim Claire (621 68 39 99) un<\/strong>, fir dat&nbsp;mir asch\u00e4tze&nbsp;kennen zu w\u00e9i vill&nbsp;mir sinn. Et ass en M\u00ebttesiessen&nbsp;an en Owesiesse&nbsp;geplangt also br\u00e9ngt \u00e4r&nbsp;Gamelle mat an <strong>ditt Iech dem Wierder no un<\/strong> well mir iessen dobaussen. <strong>Matbr\u00e9ngen<\/strong>: Natierlech eng Mask, Schaffh\u00e4ndschen, Gamelle, Besteck a&nbsp;Becher, a&nbsp;gutt Laun&nbsp;?<\/p>\n\n\n\n<section class=\"wp-block-uagb-columns uagb-columns__wrap uagb-columns__background-undefined uagb-columns__stack-mobile uagb-columns__valign-center uagb-columns__gap-10 alignundefined uagb-columns__reverse-mobile uagb-block-4f0cbdc3\"><div class=\"uagb-columns__overlay\"><\/div><div class=\"uagb-columns__inner-wrap uagb-columns__columns-2\">\n<div class=\"wp-block-uagb-column uagb-column__wrap uagb-column__background-undefined uagb-block-1cc73a09\"><div class=\"uagb-column__overlay\"><\/div><div class=\"uagb-column__inner-wrap\">\n<div class=\"wp-block-image\"><figure class=\"alignright size-medium is-resized\"><img loading=\"lazy\" src=\"https:\/\/lgspeiteng.lu\/wp-content\/uploads\/Albatrossen_rgb-300x300.png\" alt=\"\" class=\"wp-image-9308\" width=\"150\" height=\"150\" srcset=\"https:\/\/lgspeiteng.lu\/wp-content\/uploads\/Albatrossen_rgb-300x300.png 300w, https:\/\/lgspeiteng.lu\/wp-content\/uploads\/Albatrossen_rgb-1024x1024.png 1024w, https:\/\/lgspeiteng.lu\/wp-content\/uploads\/Albatrossen_rgb-150x150.png 150w, https:\/\/lgspeiteng.lu\/wp-content\/uploads\/Albatrossen_rgb-768x768.png 768w, https:\/\/lgspeiteng.lu\/wp-content\/uploads\/Albatrossen_rgb-1536x1536.png 1536w, https:\/\/lgspeiteng.lu\/wp-content\/uploads\/Albatrossen_rgb-2048x2048.png 2048w\" sizes=\"(max-width: 150px) 100vw, 150px\" \/><\/figure><\/div>\n<\/div><\/div>\n\n\n\n<div class=\"wp-block-uagb-column uagb-column__wrap uagb-column__background-undefined uagb-block-00dc82ec\"><div class=\"uagb-column__overlay\"><\/div><div class=\"uagb-column__inner-wrap\">\n<div class=\"wp-block-group\"><div class=\"wp-block-group__inner-container\">\n<h2>Fir d&rsquo;Albatrossen<\/h2>\n<\/div><\/div>\n\n\n\n<p><\/p>\n<\/div><\/div>\n<\/div><\/section>\n\n\n\n<p><\/p>\n\n\n\n<p>Mir hunn&nbsp;den <strong>Freiden 19.02<\/strong> Versammlung um <strong>20h um Pr\u00ebnzebierg<\/strong>. Mir k\u00ebmmeren&nbsp;eis em de&nbsp;\u201cCatering\u201d vun de fl\u00e4issege&nbsp;Mataarbechter&nbsp;d\u00e9i den Daach drop d\u2019Buerg opriichten.<\/p>\n\n\n\n<p><\/p>\n","protected":false},"excerpt":{"rendered":"<p>&#8230;<\/p>\n","protected":false},"author":28,"featured_media":10696,"comment_status":"open","ping_status":"open","sticky":false,"template":"","format":"standard","meta":{"ngg_post_thumbnail":3471},"categories":[5],"tags":[80],"uagb_featured_image_src":{"full":["https:\/\/lgspeiteng.lu\/wp-content\/uploads\/nggallery_import\/201703042022146186.jpg",1333,2000,false],"thumbnail":["https:\/\/lgspeiteng.lu\/wp-content\/uploads\/nggallery_import\/201703042022146186-150x150.jpg",150,150,true],"medium":["https:\/\/lgspeiteng.lu\/wp-content\/uploads\/nggallery_import\/201703042022146186-200x300.jpg",200,300,true],"medium_large":["https:\/\/lgspeiteng.lu\/wp-content\/uploads\/nggallery_import\/201703042022146186-768x1152.jpg",768,1152,true],"large":["https:\/\/lgspeiteng.lu\/wp-content\/uploads\/nggallery_import\/201703042022146186-682x1024.jpg",682,1024,true],"1536x1536":["https:\/\/lgspeiteng.lu\/wp-content\/uploads\/nggallery_import\/201703042022146186-1024x1536.jpg",1024,1536,true],"2048x2048":["https:\/\/lgspeiteng.lu\/wp-content\/uploads\/nggallery_import\/201703042022146186.jpg",1333,2000,false]},"uagb_author_info":{"display_name":"Claire D","author_link":"https:\/\/lgspeiteng.lu\/fr_FR\/author\/claire-d"},"uagb_comment_info":0,"uagb_excerpt":"...","_links":{"self":[{"href":"https:\/\/lgspeiteng.lu\/fr_FR\/wp-json\/wp\/v2\/posts\/10692"}],"collection":[{"href":"https:\/\/lgspeiteng.lu\/fr_FR\/wp-json\/wp\/v2\/posts"}],"about":[{"href":"https:\/\/lgspeiteng.lu\/fr_FR\/wp-json\/wp\/v2\/types\/post"}],"author":[{"embeddable":true,"href":"https:\/\/lgspeiteng.lu\/fr_FR\/wp-json\/wp\/v2\/users\/28"}],"replies":[{"embeddable":true,"href":"https:\/\/lgspeiteng.lu\/fr_FR\/wp-json\/wp\/v2\/comments?post=10692"}],"version-history":[{"count":3,"href":"https:\/\/lgspeiteng.lu\/fr_FR\/wp-json\/wp\/v2\/posts\/10692\/revisions"}],"predecessor-version":[{"id":10698,"href":"https:\/\/lgspeiteng.lu\/fr_FR\/wp-json\/wp\/v2\/posts\/10692\/revisions\/10698"}],"wp:featuredmedia":[{"embeddable":true,"href":"https:\/\/lgspeiteng.lu\/fr_FR\/wp-json\/wp\/v2\/media\/10696"}],"wp:attachment":[{"href":"https:\/\/lgspeiteng.lu\/fr_FR\/wp-json\/wp\/v2\/media?parent=10692"}],"wp:term":[{"taxonomy":"category","embeddable":true,"href":"https:\/\/lgspeiteng.lu\/fr_FR\/wp-json\/wp\/v2\/categories?post=10692"},{"taxonomy":"post_tag","embeddable":true,"href":"https:\/\/lgspeiteng.lu\/fr_FR\/wp-json\/wp\/v2\/tags?post=10692"}],"curies":[{"name":"wp","href":"https:\/\/api.w.org\/{rel}","templated":true}]}}