{"id":14161,"date":"2023-12-11T22:19:17","date_gmt":"2023-12-11T21:19:17","guid":{"rendered":"https:\/\/lgspeiteng.lu\/?p=14161"},"modified":"2023-12-14T20:34:37","modified_gmt":"2023-12-14T19:34:37","slug":"infoziedel-chreschtdaach-2023","status":"publish","type":"post","link":"https:\/\/lgspeiteng.lu\/fr_FR\/14161","title":{"rendered":"lettre d&rsquo;information d\u00e9cembre 2023"},"content":{"rendered":"\n<figure class=\"wp-block-table\"><table><tbody><tr><td><img loading=\"lazy\" width=\"59\" height=\"54\" src=\"\"><strong><em><\/em><\/strong><strong><em><\/em><\/strong><\/td><td><strong>Pour tous les membres:<\/strong><strong><\/strong><\/td><\/tr><\/tbody><\/table><\/figure>\n\n\n\n<p><strong>Ceci est la derni\u00e8re lettre d\u2019information pour l\u2019ann\u00e9e 2023. L\u2019\u00e9quipe des chefs des scouts de P\u00e9tange vous souhaite des joyeuses f\u00eates et une bonne nouvelle ann\u00e9e 2024.<\/strong><\/p>\n\n\n\n<p><strong>Merci pour votre soutient lors de cette ann\u00e9e et restez en bonne sant\u00e9.<\/strong><\/p>\n\n\n\n<p><strong><u>C\u00e9l\u00e9bration de la lumi\u00e8re de paix<\/u><\/strong><\/p>\n\n\n\n<p>Le samedi&nbsp;<strong>16 d\u00e9cembre<\/strong>, les guides et scouts de P\u00e9tange&nbsp;distribueront lors de la&nbsp;C\u00e9l\u00e9bration de la<strong>&nbsp;lumi\u00e8re de la paix<\/strong>&nbsp;des bougies.&nbsp;Lors de cette f\u00eate, chacun re\u00e7oit symboliquement la paix sous forme de bougie \u00e0 la maison, pour ensuite la partager avec son entourage.&nbsp;<strong>Tous nos membres et leurs familles sont invit\u00e9s \u00e0 nous rejoindre \u00e0 17h \u00e0 P\u00e9tange \u00e0 l\u2019\u00e9glise paroissiale&nbsp;pour la messe<\/strong>.&nbsp;Apr\u00e8s la messe, nous distribuons la lumi\u00e8re.&nbsp;Vos parents, fr\u00e8res et s\u0153urs et membres de la famille sont les bienvenus pour c\u00e9l\u00e9brer ce moment m\u00e9morable avec nous.<\/p>\n\n\n\n<figure class=\"wp-block-table\"><table><tbody><tr><td><img loading=\"lazy\" width=\"60\" height=\"59\" src=\"\"><strong><em><\/em><\/strong><strong><em><\/em><\/strong><\/td><td><strong>Chers Castors&nbsp;:<\/strong><strong><\/strong><\/td><\/tr><\/tbody><\/table><\/figure>\n\n\n\n<p>Ceci est la derni\u00e8re lettre d&rsquo;information pour l`ann\u00e9e 2023. Le <strong>16 d\u00e9cembre<\/strong> nous irons ensemble boire un chocolat chaud au pied de l&rsquo;arbre de No\u00ebl. Nous avons trouv\u00e9 une v\u00e9ritable invitation dans notre bo\u00eete aux lettres. Habillez-vous chaudement ! Nous serons beaucoup dehors, m\u00eame s&rsquo;il pleut. Nous nous rencontrons comme d\u2019habitude de <strong>14h00 \u00e0 16h00<\/strong> au Pr\u00ebnzebierg. Comme d\u2019habitude nous monterons ensemble. Veuillez donc amener votre enfant vers <strong>13h45 <\/strong>\u00e0 l&rsquo;eucosider. Si vous ne pouvez pas venir, pensez \u00e0 vous d\u00e9sinscrire aupr\u00e8s de Claire (691309108). Apr\u00e8s la r\u00e9union nous vous invitons de venir ensemble avec vos parents \u00e0 la <strong>c\u00e9l\u00e9bration de la lumi\u00e8re de paix<\/strong> , pour plus d\u2019informations veuillez regarder en haut chez \u00ab&nbsp;<strong>Pour tous les membres<\/strong>&nbsp;\u00bb.<\/p>\n\n\n\n<p>Ensuite, ce sera les vacances de no\u00ebl et nos rencontres reprendront en janvier de la nouvelle ann\u00e9e. Lyn et moi vous souhaitons, ainsi qu`\u00e0 toute votre famille, de bonnes f\u00eates et une bonne nouvelle ann\u00e9e.<\/p>\n\n\n\n<figure class=\"wp-block-table\"><table><tbody><tr><td><img loading=\"lazy\" width=\"51\" height=\"51\" src=\"\"><strong><em><\/em><\/strong><strong><em><\/em><\/strong><\/td><td><strong>Chers louveteaux&nbsp;:<\/strong><strong><\/strong><\/td><\/tr><\/tbody><\/table><\/figure>\n\n\n\n<p>Le <strong>16 d\u00e9cembre <\/strong>nous aurons r\u00e9union de <strong>14 jusqu\u2019\u00e0 16 heures<\/strong>. Si vous avez oubli\u00e9 d\u2019amener un petit cadeau lors de la derni\u00e8re r\u00e9union , vous pouvez encore amener un cadeau le 16 d\u00e9cembre. Apr\u00e8s la r\u00e9union nous vous invitons de venir ensemble avec vos parents \u00e0 la <strong>c\u00e9l\u00e9bration de la lumi\u00e8re de paix<\/strong> , pour plus d\u2019informations veuillez regarder en haut chez \u00ab&nbsp;<strong>Pour tous les membres<\/strong>&nbsp;\u00bb.<\/p>\n\n\n\n<p>Ensuite, ce sera les vacances de no\u00ebl et nos rencontres reprendront en janvier de la nouvelle ann\u00e9e. Pendant tout l\u2019hivers vous pouvez toujours amener votre luge en cas de neige ?.<\/p>\n\n\n\n<figure class=\"wp-block-table\"><table><tbody><tr><td><img loading=\"lazy\" width=\"50\" height=\"50\" src=\"\"><strong><em><\/em><\/strong><strong><em><\/em><\/strong><\/td><td><strong>Chers Avex&nbsp;:<\/strong><strong><\/strong><\/td><\/tr><\/tbody><\/table><\/figure>\n\n\n\n<p>Notre prochaine r\u00e9union sera le samedi <strong>16 d\u00e9cembre de 14 \u00e0 16h<\/strong> au Pr\u00ebnzebierg. Amenez svp un petit <strong>cadeau<\/strong> ( pas plus cher que 5 \u20ac) pour jouer au petits lutins. Apr\u00e8s la r\u00e9union nous vous invitons de venir ensemble avec vos parents \u00e0 la <strong>c\u00e9l\u00e9bration de la lumi\u00e8re de paix<\/strong> , pour plus d\u2019informations veuillez regarder en haut chez \u00ab&nbsp;<strong>Pour tous les membres<\/strong>&nbsp;\u00bb.<\/p>\n\n\n\n<p>Ensuite, ce sera les vacances de no\u00ebl et nos rencontres reprendront en janvier de la nouvelle ann\u00e9e.<\/p>\n\n\n\n<figure class=\"wp-block-table\"><table><tbody><tr><td><img loading=\"lazy\" width=\"49\" height=\"47\" src=\"\"><strong><em><\/em><\/strong><strong><em><\/em><\/strong><\/td><td><strong>Chers CaraPio&nbsp;:<\/strong><strong><\/strong><\/td><\/tr><\/tbody><\/table><\/figure>\n\n\n\n<p>Le samedi <strong>16 d\u00e9cembre<\/strong> nous avons r\u00e9union de <strong>14h-16h<\/strong>. Apr\u00e8s la r\u00e9union vous pouvez nous rejoindre pour la <strong>c\u00e9l\u00e9bration de la lumi\u00e8re de paix \u00e0 17h<\/strong> dans l\u2019\u00e9glise. Il n\u2019y aura pas de r\u00e9unions pendant les vacances de no\u00ebl.<\/p>\n\n\n\n<figure class=\"wp-block-table\"><table><tbody><tr><td><img loading=\"lazy\" width=\"46\" height=\"46\" src=\"\"><strong><em><\/em><\/strong><strong><em><\/em><\/strong><\/td><td><strong>Chers RaRo&nbsp;:<\/strong><strong><\/strong><\/td><\/tr><\/tbody><\/table><\/figure>\n\n\n\n<p>Le samedi <strong>16 d\u00e9cembre<\/strong> nous avons r\u00e9union de <strong>14h-16h<\/strong>. Apr\u00e8s la r\u00e9union vous pouvez nous rejoindre pour la <strong>c\u00e9l\u00e9bration de la lumi\u00e8re de paix \u00e0 17h<\/strong> dans l\u2019\u00e9glise. Il n\u2019y aura pas de r\u00e9unions pendant les vacances de no\u00ebl.<\/p>\n\n\n\n<figure class=\"wp-block-table\"><table><tbody><tr><td><img loading=\"lazy\" width=\"46\" height=\"46\" src=\"\"><strong><em><\/em><\/strong><strong><em><\/em><\/strong><\/td><td><strong>Chers Albatros&nbsp;:<\/strong><strong><\/strong><\/td><\/tr><\/tbody><\/table><\/figure>\n\n\n\n<p>Le samedi <strong>16. 12<\/strong> vous \u00eates invit\u00e9s \u00e0 la <strong>f\u00eate de la lumi\u00e8re de paix<\/strong>. Apr\u00e8s la messe la guilde organise aussi une v\u00e9ill\u00e9e avec \u00ab&nbsp;Traipenfriess&nbsp;\u00bb&nbsp; \u00e0 18&nbsp;:30h au Chalet. Inscription chez Ren\u00e9e Lippert &nbsp;tel&nbsp;: TEL 691 975 679 (sms, whatsapp ou appel) jusqu\u2019au14.12. &nbsp;<\/p>\n\n\n\n<figure class=\"wp-block-table\"><table><tbody><tr><td><img loading=\"lazy\" width=\"59\" height=\"54\" src=\"\"><strong><em><\/em><\/strong><strong><em><\/em><\/strong><\/td><td><strong>Chers Chefs<\/strong><strong><\/strong><\/td><\/tr><\/tbody><\/table><\/figure>\n\n\n\n<p>Notre prochaine r\u00e9union de groupe sera <strong>le mercredi 13.12 \u00e0 20h au Chalet<\/strong>.<\/p>\n\n\n\n<figure class=\"wp-block-table\"><table><tbody><tr><td><img loading=\"lazy\" width=\"59\" height=\"54\" src=\"\"><strong><em><\/em><\/strong><strong><em><\/em><\/strong><\/td><td><strong>Chers CaraPio, RaRo, Albatrossen, Chef, Guilde et collaborateurs<\/strong><strong><\/strong><\/td><\/tr><\/tbody><\/table><\/figure>\n\n\n\n<p>En 2025 ce sera notre tour de f\u00eater notre 100 ans d\u2019existence&nbsp;? Afin de rassembler des id\u00e9es et de nous organiser pour f\u00eater ce jubil\u00e9e , j\u2019invite toutes les personnes qui se sentent li\u00e9es \u00e0 notre groupe de venir \u00e0 la <strong>r\u00e9union mardi le 9 janvier \u00e0 20h au Chalet.<\/strong><\/p>\n\n\n\n<p>Notre prochaine collecte de vieux papiers est le <strong>6 janvier. RDV \u00e0&nbsp;8:30h<\/strong> sur l\u2019ancien site Eucosider. Merci beaucoup pour ton aide.<\/p>\n\n\n\n<p>Collectes de papier pour l\u2019ann\u00e9e <strong>2024<\/strong>: 06.01, 03.02 ,16.03, 13.04, 11.05, 15.06, 13.07, 10.08, 14.09, 12.10, 09.11, 14.12<\/p>\n","protected":false},"excerpt":{"rendered":"<p>&#8230;<\/p>\n","protected":false},"author":28,"featured_media":0,"comment_status":"open","ping_status":"open","sticky":false,"template":"","format":"standard","meta":{"ngg_post_thumbnail":0},"categories":[5],"tags":[1386,250,136],"uagb_featured_image_src":{"full":false,"thumbnail":false,"medium":false,"medium_large":false,"large":false,"1536x1536":false,"2048x2048":false},"uagb_author_info":{"display_name":"Claire D","author_link":"https:\/\/lgspeiteng.lu\/fr_FR\/author\/claire-d"},"uagb_comment_info":0,"uagb_excerpt":"...","_links":{"self":[{"href":"https:\/\/lgspeiteng.lu\/fr_FR\/wp-json\/wp\/v2\/posts\/14161"}],"collection":[{"href":"https:\/\/lgspeiteng.lu\/fr_FR\/wp-json\/wp\/v2\/posts"}],"about":[{"href":"https:\/\/lgspeiteng.lu\/fr_FR\/wp-json\/wp\/v2\/types\/post"}],"author":[{"embeddable":true,"href":"https:\/\/lgspeiteng.lu\/fr_FR\/wp-json\/wp\/v2\/users\/28"}],"replies":[{"embeddable":true,"href":"https:\/\/lgspeiteng.lu\/fr_FR\/wp-json\/wp\/v2\/comments?post=14161"}],"version-history":[{"count":15,"href":"https:\/\/lgspeiteng.lu\/fr_FR\/wp-json\/wp\/v2\/posts\/14161\/revisions"}],"predecessor-version":[{"id":14180,"href":"https:\/\/lgspeiteng.lu\/fr_FR\/wp-json\/wp\/v2\/posts\/14161\/revisions\/14180"}],"wp:attachment":[{"href":"https:\/\/lgspeiteng.lu\/fr_FR\/wp-json\/wp\/v2\/media?parent=14161"}],"wp:term":[{"taxonomy":"category","embeddable":true,"href":"https:\/\/lgspeiteng.lu\/fr_FR\/wp-json\/wp\/v2\/categories?post=14161"},{"taxonomy":"post_tag","embeddable":true,"href":"https:\/\/lgspeiteng.lu\/fr_FR\/wp-json\/wp\/v2\/tags?post=14161"}],"curies":[{"name":"wp","href":"https:\/\/api.w.org\/{rel}","templated":true}]}}